{"id":6011,"date":"2020-04-29T12:28:28","date_gmt":"2020-04-29T10:28:28","guid":{"rendered":"https:\/\/dukaty.sk\/?p=6011"},"modified":"2020-04-29T12:28:28","modified_gmt":"2020-04-29T10:28:28","slug":"dokedy","status":"publish","type":"post","link":"https:\/\/www.dukatyproperty.sk\/en\/dokedy\/","title":{"rendered":"Dokedy?"},"content":{"rendered":"<p>S ve\u013ek\u00fdm o\u010dak\u00e1van\u00edm sledujem, ako sa ide vyv\u00edja\u0165 situ\u00e1cia na retailovom trhu v r\u00e1mci obchodn\u00fdch centier. Nieko\u013eko koment\u00e1rov som mala k vyjadreniam epidemiol\u00f3gov, premi\u00e9rovi a ministrovi hospod\u00e1rstva.<\/p>\n<p>Kto ma aspo\u0148 trochu pozn\u00e1, vie, \u017ee sa venujem tejto problematike dlh\u00e9 roky a pr\u00e1ve to ma vedie k tomu, aby som nap\u00edsala tento koment\u00e1r. Moment\u00e1lna situ\u00e1cia sa mi jav\u00ed ako absol\u00fatne neudr\u017eate\u013en\u00e1 nielen zo strany n\u00e1jomn\u00edkov obchodn\u00fdch centier, ale aj zo strany ich majite\u013eov. Patov\u00e1 situ\u00e1cia, ktor\u00e1 naber\u00e1 na rozmere ka\u017ed\u00fdm d\u0148om, m\u00f4\u017ee znamena\u0165 koniec pre mnoh\u00e9 firmy. Forma pomoci poskytovan\u00e1 \u0161t\u00e1tom je pr\u00edli\u0161 mal\u00e1 z\u00e1plata a len pre t\u00fdch, ktor\u00ed javili zn\u00e1mky \u201ebezprobl\u00e9movosti\u201c v minulom obdob\u00ed a navy\u0161e pomoc, ktor\u00e1 bude poskytnut\u00e1 je minim\u00e1lna. Ka\u017ed\u00fd, kto do prev\u00e1dzky a fungovania obchodn\u00fdch centier po technicko-prev\u00e1dzkovej str\u00e1nke aspo\u0148 trochu vid\u00ed, sn\u00e1\u010f d\u00e1 za pravdu nieko\u013ek\u00fdm faktom:<\/p>\n<ol>\n<li>V r\u00e1mci OC m\u00f4\u017ee prebieha\u0165 2-stup\u0148ov\u00e1 kontrola n\u00e1v\u0161tevnosti a dodr\u017eiavania hygienick\u00fdch pravidiel. Prv\u00e1 na hlavnom vstupe do OC a druh\u00e1 na samotnom vstupe do jednotliv\u00fdch prev\u00e1dzok. Tak\u00fdto syst\u00e9m kontroly neposkytuj\u00fa \u017eiadne in\u00e9 samostatn\u00e9 prev\u00e1dzky, ktor\u00e9 s\u00fa moment\u00e1lne otvoren\u00e9.<\/li>\n<li>\u010eal\u0161ou ve\u013emi d\u00f4le\u017eitou s\u00fa\u010das\u0165ou obchodn\u00fdch centier s\u00fa po\u010d\u00edtadl\u00e1 n\u00e1v\u0161tevnosti, \u010di\u017ee m\u00e1te presn\u00fd preh\u013ead, ko\u013eko z\u00e1kazn\u00edkov sa v centre nach\u00e1dza a pod\u013ea toho viete aj regulova\u0165 ich po\u010det v s\u00falade s nariaden\u00edm vl\u00e1dy.<\/li>\n<li>OC v r\u00e1mci hygienick\u00fdch predpisov SR, aj mimo teraj\u0161ej situ\u00e1cie, postupuj\u00fa ve\u013emi obozretne a d\u00f4sledne s dodr\u017eiavan\u00edm hygieny vo svojich prev\u00e1dzkov\u00fdch priestoroch. To ist\u00e9 plat\u00ed o jednotliv\u00fdch prev\u00e1dzkach. OC maj\u00fa priamo v zmluv\u00e1ch uveden\u00e9, \u017ee n\u00e1jomn\u00edci musia dodr\u017eiava\u0165 hygienick\u00e9 a prev\u00e1dzkov\u00e9 nariadenia obchodn\u00e9ho centra. \u010ci\u017ee ka\u017ed\u00e9 centrum si vie v tomto obdob\u00ed spr\u00edsni\u0165 n\u00e1roky na hygienu a dodr\u017eiavanie hygienick\u00fdch nariaden\u00ed.<\/li>\n<li>OC disponuj\u00fa str\u00e1\u017enou slu\u017ebou, ktor\u00e1 m\u00f4\u017ee v\u0161etky tieto nariadenia a ich dodr\u017eiavanie priebe\u017ene kontrolova\u0165 po\u010das celej prev\u00e1dzkovej doby centra.<\/li>\n<li>OC disponuj\u00fa vzduchotechnick\u00fdmi zariadeniami, ktor\u00e9 bez oh\u013eadu na situ\u00e1ciu podliehaj\u00fa zo z\u00e1kona pravideln\u00fdm kontrol\u00e1m, \u00fadr\u017ebe, v\u00fdmene filtrov, dizinfekcii, dezinsekcii. OC maj\u00fa tieto slu\u017eby zazmluvnen\u00e9 celoro\u010dne, nie len po\u010das nejak\u00e9ho v\u00edrusu a vedia si tieto slu\u017eby objedna\u0165 tak \u010dasto, ako to bude situ\u00e1cia vy\u017eadova\u0165 .<\/li>\n<li>OC disponuj\u00fa upratovac\u00edm servisom na b\u00e1ze od 12 do 16 hod\u00edn denne NONSTOP. Disponuj\u00fa prostriedkami a zariadeniami, ktor\u00e9 vedia bez probl\u00e9mov zabezpe\u010di\u0165 maxim\u00e1lnu hygienu v priestoroch obchodn\u00e9ho centra.<\/li>\n<\/ol>\n<p>V\u0161etky tieto uveden\u00e9 fakty DOHROMADY nevie zabezpe\u010di\u0165 ani jedna predaj\u0148a, ktor\u00e1 funguje na b\u00e1ze samostatnej predajne alebo vo\u013ene stojacej predajne. Ja sa nechcem nikoho t\u00fdmto dotkn\u00fa\u0165 a te\u0161\u00ed ma, \u017ee aspo\u0148 nie\u010do funguje. ALE p\u00fdtam sa kompetentn\u00fdch, \u010di zv\u00e1\u017eili a \u010di s\u00fa si v\u00f4bec vedom\u00ed t\u00fdchto faktov, ktor\u00e9 s\u00fa absol\u00fatne nepopierate\u013en\u00e9 a kontrolovate\u013en\u00e9.<\/p>\n<p>M\u0148a by ve\u013emi zauj\u00edmalo, kto poradcom a vl\u00e1de rad\u00ed v ot\u00e1zke retailu resp. maloobchodu, lebo v\u0161etky fakty hovoria za to, \u017ee OBCHODN\u00c9 CENTR\u00c1 s\u00fa miesta, ktor\u00e9 m\u00f4\u017eu fungova\u0165 v bezpe\u010dnom a kontrolovate\u013enom re\u017eime. Medzi prev\u00e1dzkami drog\u00e9rie, potrav\u00edn, lek\u00e1rne, a in\u00fdch doposia\u013e schv\u00e1len\u00fdch prev\u00e1dzok a prev\u00e1dzok, ktor\u00e9 s\u00fa vy\u0148at\u00e9 a teda zatvoren\u00e9, nie je v\u00f4bec \u017eiadny rozdiel. Na z\u00e1klade ak\u00fdch faktov sa rozhoduje o tom, kto pre\u017eije a koho nechaj\u00fa padn\u00fa\u0165?! Mysl\u00edm si, \u017ee je najvy\u0161\u0161\u00ed \u010das za\u010da\u0165 kona\u0165 spolo\u010dne a adresova\u0165 viac ako tak\u00fdto status kompetentn\u00fdm \u013eu\u010fom.<\/p>\n<p>Situ\u00e1cia sa jav\u00ed, a prajem si, aby to tak ostalo, \u017ee nebudeme ma\u0165 nemocnice pln\u00e9 \u013eud\u00ed s ochoren\u00edm covid-19, ale m\u00f4\u017ee sa ve\u013emi r\u00fdchlo sta\u0165, \u017ee sa n\u00e1m rap\u00eddne zv\u00fd\u0161ia \u010d\u00edsla po\u010dtu pacientov s psychiatrick\u00fdmi ochoreniami, lebo toto na zbl\u00e1znenie naozaj je.<\/p>\n<p>Zv\u00fd\u0161ia sa n\u00e1m \u010d\u00edsla osobn\u00fdch bankrotov. Zv\u00fd\u0161ia sa n\u00e1m po\u010dty nezamestnan\u00fdch. Zv\u00fd\u0161ia sa n\u00e1m po\u010dty \u013eud\u00ed \u017eij\u00facich na hranici chudoby alebo v chudobe. Zv\u00fd\u0161ia sa n\u00e1m po\u010dty firiem, ktor\u00e9 bud\u00fa musie\u0165 \u00eds\u0165 do konkurzu. A to st\u00e1le hovor\u00edm len o retailoch a prev\u00e1dzkach v r\u00e1mci obchodn\u00fdch centier.<\/p>\n<p>Ak m\u00e1te podobn\u00fd n\u00e1zor alebo ak aj m\u00e1te pripomienky, kontaktujte ma a pok\u00fasme sa spolo\u010dne zabr\u00e1ni\u0165 tot\u00e1lnemu rozpadu fungovania obchodn\u00fdch centier a vr\u00e1\u0165me do nich \u017eivot. Na to boli postaven\u00e9. \u0160kody, ktor\u00e9 vznikaj\u00fa za stiahnut\u00fdmi mre\u017eami predajn\u00ed a s\u00fa nepredstavite\u013en\u00e9.<\/p>\n<p>Dokedy?<\/p>\n<p>&#8211; Katar\u00edna Duchovn\u00e1<br \/>\nDUKATY property, s.r.o.<\/p>\n<p><img decoding=\"async\" class=\"alignnone wp-image-6016 size-full\" src=\"https:\/\/www.dukatyproperty.sk\/wp-content\/uploads\/2020\/04\/podpis-1.png\" alt=\"\" width=\"200\" height=\"200\" srcset=\"https:\/\/www.dukatyproperty.sk\/wp-content\/uploads\/2020\/04\/podpis-1.png 200w, https:\/\/www.dukatyproperty.sk\/wp-content\/uploads\/2020\/04\/podpis-1-150x150.png 150w, https:\/\/www.dukatyproperty.sk\/wp-content\/uploads\/2020\/04\/podpis-1-100x100.png 100w, https:\/\/www.dukatyproperty.sk\/wp-content\/uploads\/2020\/04\/podpis-1-140x140.png 140w\" sizes=\"(max-width: 200px) 100vw, 200px\" \/><\/p>","protected":false},"excerpt":{"rendered":"<p>S ve\u013ek\u00fdm o\u010dak\u00e1van\u00edm sledujem, ako sa ide vyv\u00edja\u0165 situ\u00e1cia na retailovom trhu v r\u00e1mci obchodn\u00fdch centier. Nieko\u013eko koment\u00e1rov som mala k vyjadreniam epidemiol\u00f3gov, premi\u00e9rovi a ministrovi hospod\u00e1rstva. Kto ma aspo\u0148&#8230;<\/p>","protected":false},"author":2,"featured_media":6020,"comment_status":"open","ping_status":"open","sticky":false,"template":"","format":"standard","meta":{"_monsterinsights_skip_tracking":false,"_monsterinsights_sitenote_active":false,"_monsterinsights_sitenote_note":"","_monsterinsights_sitenote_category":0,"footnotes":""},"categories":[1],"tags":[],"yoast_head":"<!-- This site is optimized with the Yoast SEO plugin v23.0 - https:\/\/yoast.com\/wordpress\/plugins\/seo\/ -->\n<title>Dokedy? - DUKATY<\/title>\n<meta name=\"description\" content=\"S ve\u013ek\u00fdm o\u010dak\u00e1van\u00edm sledujem, ako sa ide vyv\u00edja\u0165 situ\u00e1cia na retailovom trhu v r\u00e1mci obchodn\u00fdch centier. Nieko\u013eko koment\u00e1rov...\" \/>\n<meta name=\"robots\" content=\"index, follow, max-snippet:-1, max-image-preview:large, max-video-preview:-1\" \/>\n<link rel=\"canonical\" href=\"https:\/\/www.dukatyproperty.sk\/en\/dokedy\/\" \/>\n<meta property=\"og:locale\" content=\"en_US\" \/>\n<meta property=\"og:type\" content=\"article\" \/>\n<meta property=\"og:title\" content=\"Dokedy? - DUKATY\" \/>\n<meta property=\"og:description\" content=\"S ve\u013ek\u00fdm o\u010dak\u00e1van\u00edm sledujem, ako sa ide vyv\u00edja\u0165 situ\u00e1cia na retailovom trhu v r\u00e1mci obchodn\u00fdch centier. Nieko\u013eko koment\u00e1rov...\" \/>\n<meta property=\"og:url\" content=\"https:\/\/www.dukatyproperty.sk\/en\/dokedy\/\" \/>\n<meta property=\"og:site_name\" content=\"DUKATY\" \/>\n<meta property=\"article:published_time\" content=\"2020-04-29T10:28:28+00:00\" \/>\n<meta property=\"og:image\" content=\"https:\/\/www.dukatyproperty.sk\/wp-content\/uploads\/2020\/04\/dukaty-blog-01-dokedy.jpg\" \/>\n\t<meta property=\"og:image:width\" content=\"1600\" \/>\n\t<meta property=\"og:image:height\" content=\"800\" \/>\n\t<meta property=\"og:image:type\" content=\"image\/jpeg\" \/>\n<meta name=\"author\" content=\"Lubo Jur\u00edk\" \/>\n<meta name=\"twitter:card\" content=\"summary_large_image\" \/>\n<meta name=\"twitter:label1\" content=\"Written by\" \/>\n\t<meta name=\"twitter:data1\" content=\"Lubo Jur\u00edk\" \/>\n\t<meta name=\"twitter:label2\" content=\"Est. reading time\" \/>\n\t<meta name=\"twitter:data2\" content=\"4 minutes\" \/>\n<script type=\"application\/ld+json\" class=\"yoast-schema-graph\">{\"@context\":\"https:\/\/schema.org\",\"@graph\":[{\"@type\":\"Article\",\"@id\":\"https:\/\/www.dukatyproperty.sk\/dokedy\/#article\",\"isPartOf\":{\"@id\":\"https:\/\/www.dukatyproperty.sk\/dokedy\/\"},\"author\":{\"name\":\"Lubo Jur\u00edk\",\"@id\":\"https:\/\/www.dukatyproperty.sk\/#\/schema\/person\/ffa007a9cc6bdba8908d6de960512913\"},\"headline\":\"Dokedy?\",\"datePublished\":\"2020-04-29T10:28:28+00:00\",\"dateModified\":\"2020-04-29T10:28:28+00:00\",\"mainEntityOfPage\":{\"@id\":\"https:\/\/www.dukatyproperty.sk\/dokedy\/\"},\"wordCount\":854,\"commentCount\":0,\"publisher\":{\"@id\":\"https:\/\/www.dukatyproperty.sk\/#organization\"},\"image\":{\"@id\":\"https:\/\/www.dukatyproperty.sk\/dokedy\/#primaryimage\"},\"thumbnailUrl\":\"https:\/\/www.dukatyproperty.sk\/wp-content\/uploads\/2020\/04\/dukaty-blog-01-dokedy.jpg\",\"articleSection\":[\"Koment\u00e1re\"],\"inLanguage\":\"en-US\",\"potentialAction\":[{\"@type\":\"CommentAction\",\"name\":\"Comment\",\"target\":[\"https:\/\/www.dukatyproperty.sk\/dokedy\/#respond\"]}]},{\"@type\":\"WebPage\",\"@id\":\"https:\/\/www.dukatyproperty.sk\/dokedy\/\",\"url\":\"https:\/\/www.dukatyproperty.sk\/dokedy\/\",\"name\":\"Dokedy? - DUKATY\",\"isPartOf\":{\"@id\":\"https:\/\/www.dukatyproperty.sk\/#website\"},\"primaryImageOfPage\":{\"@id\":\"https:\/\/www.dukatyproperty.sk\/dokedy\/#primaryimage\"},\"image\":{\"@id\":\"https:\/\/www.dukatyproperty.sk\/dokedy\/#primaryimage\"},\"thumbnailUrl\":\"https:\/\/www.dukatyproperty.sk\/wp-content\/uploads\/2020\/04\/dukaty-blog-01-dokedy.jpg\",\"datePublished\":\"2020-04-29T10:28:28+00:00\",\"dateModified\":\"2020-04-29T10:28:28+00:00\",\"description\":\"S ve\u013ek\u00fdm o\u010dak\u00e1van\u00edm sledujem, ako sa ide vyv\u00edja\u0165 situ\u00e1cia na retailovom trhu v r\u00e1mci obchodn\u00fdch centier. Nieko\u013eko koment\u00e1rov...\",\"breadcrumb\":{\"@id\":\"https:\/\/www.dukatyproperty.sk\/dokedy\/#breadcrumb\"},\"inLanguage\":\"en-US\",\"potentialAction\":[{\"@type\":\"ReadAction\",\"target\":[\"https:\/\/www.dukatyproperty.sk\/dokedy\/\"]}]},{\"@type\":\"ImageObject\",\"inLanguage\":\"en-US\",\"@id\":\"https:\/\/www.dukatyproperty.sk\/dokedy\/#primaryimage\",\"url\":\"https:\/\/www.dukatyproperty.sk\/wp-content\/uploads\/2020\/04\/dukaty-blog-01-dokedy.jpg\",\"contentUrl\":\"https:\/\/www.dukatyproperty.sk\/wp-content\/uploads\/2020\/04\/dukaty-blog-01-dokedy.jpg\",\"width\":1600,\"height\":800,\"caption\":\"Dokedy?\"},{\"@type\":\"BreadcrumbList\",\"@id\":\"https:\/\/www.dukatyproperty.sk\/dokedy\/#breadcrumb\",\"itemListElement\":[{\"@type\":\"ListItem\",\"position\":1,\"name\":\"Domovsk\u00e1 str\u00e1nka\",\"item\":\"https:\/\/www.dukatyproperty.sk\/\"},{\"@type\":\"ListItem\",\"position\":2,\"name\":\"Dokedy?\"}]},{\"@type\":\"WebSite\",\"@id\":\"https:\/\/www.dukatyproperty.sk\/#website\",\"url\":\"https:\/\/www.dukatyproperty.sk\/\",\"name\":\"DUKATY\",\"description\":\"Lisovan\u00e9 plasty priamo z Nig\u00e9rie\",\"publisher\":{\"@id\":\"https:\/\/www.dukatyproperty.sk\/#organization\"},\"potentialAction\":[{\"@type\":\"SearchAction\",\"target\":{\"@type\":\"EntryPoint\",\"urlTemplate\":\"https:\/\/www.dukatyproperty.sk\/?s={search_term_string}\"},\"query-input\":\"required name=search_term_string\"}],\"inLanguage\":\"en-US\"},{\"@type\":\"Organization\",\"@id\":\"https:\/\/www.dukatyproperty.sk\/#organization\",\"name\":\"DUKATY\",\"url\":\"https:\/\/www.dukatyproperty.sk\/\",\"logo\":{\"@type\":\"ImageObject\",\"inLanguage\":\"en-US\",\"@id\":\"https:\/\/www.dukatyproperty.sk\/#\/schema\/logo\/image\/\",\"url\":\"https:\/\/www.dukatyproperty.sk\/wp-content\/uploads\/2019\/08\/dukaty-logo-header-color.svg\",\"contentUrl\":\"https:\/\/www.dukatyproperty.sk\/wp-content\/uploads\/2019\/08\/dukaty-logo-header-color.svg\",\"width\":412,\"height\":100,\"caption\":\"DUKATY\"},\"image\":{\"@id\":\"https:\/\/www.dukatyproperty.sk\/#\/schema\/logo\/image\/\"}},{\"@type\":\"Person\",\"@id\":\"https:\/\/www.dukatyproperty.sk\/#\/schema\/person\/ffa007a9cc6bdba8908d6de960512913\",\"name\":\"Lubo Jur\u00edk\",\"image\":{\"@type\":\"ImageObject\",\"inLanguage\":\"en-US\",\"@id\":\"https:\/\/www.dukatyproperty.sk\/#\/schema\/person\/image\/\",\"url\":\"https:\/\/secure.gravatar.com\/avatar\/33a8d1905d23a5c49a8ccc1258b9decc?s=96&d=mm&r=g\",\"contentUrl\":\"https:\/\/secure.gravatar.com\/avatar\/33a8d1905d23a5c49a8ccc1258b9decc?s=96&d=mm&r=g\",\"caption\":\"Lubo Jur\u00edk\"},\"sameAs\":[\"http:\/\/www.evolutionstartup.com\/sk\/\"],\"url\":\"https:\/\/www.dukatyproperty.sk\/en\/author\/lubo\/\"}]}<\/script>\n<!-- \/ Yoast SEO plugin. -->","yoast_head_json":{"title":"Dokedy? - DUKATY","description":"S ve\u013ek\u00fdm o\u010dak\u00e1van\u00edm sledujem, ako sa ide vyv\u00edja\u0165 situ\u00e1cia na retailovom trhu v r\u00e1mci obchodn\u00fdch centier. Nieko\u013eko koment\u00e1rov...","robots":{"index":"index","follow":"follow","max-snippet":"max-snippet:-1","max-image-preview":"max-image-preview:large","max-video-preview":"max-video-preview:-1"},"canonical":"https:\/\/www.dukatyproperty.sk\/en\/dokedy\/","og_locale":"en_US","og_type":"article","og_title":"Dokedy? - DUKATY","og_description":"S ve\u013ek\u00fdm o\u010dak\u00e1van\u00edm sledujem, ako sa ide vyv\u00edja\u0165 situ\u00e1cia na retailovom trhu v r\u00e1mci obchodn\u00fdch centier. Nieko\u013eko koment\u00e1rov...","og_url":"https:\/\/www.dukatyproperty.sk\/en\/dokedy\/","og_site_name":"DUKATY","article_published_time":"2020-04-29T10:28:28+00:00","og_image":[{"width":1600,"height":800,"url":"https:\/\/www.dukatyproperty.sk\/wp-content\/uploads\/2020\/04\/dukaty-blog-01-dokedy.jpg","type":"image\/jpeg"}],"author":"Lubo Jur\u00edk","twitter_card":"summary_large_image","twitter_misc":{"Written by":"Lubo Jur\u00edk","Est. reading time":"4 minutes"},"schema":{"@context":"https:\/\/schema.org","@graph":[{"@type":"Article","@id":"https:\/\/www.dukatyproperty.sk\/dokedy\/#article","isPartOf":{"@id":"https:\/\/www.dukatyproperty.sk\/dokedy\/"},"author":{"name":"Lubo Jur\u00edk","@id":"https:\/\/www.dukatyproperty.sk\/#\/schema\/person\/ffa007a9cc6bdba8908d6de960512913"},"headline":"Dokedy?","datePublished":"2020-04-29T10:28:28+00:00","dateModified":"2020-04-29T10:28:28+00:00","mainEntityOfPage":{"@id":"https:\/\/www.dukatyproperty.sk\/dokedy\/"},"wordCount":854,"commentCount":0,"publisher":{"@id":"https:\/\/www.dukatyproperty.sk\/#organization"},"image":{"@id":"https:\/\/www.dukatyproperty.sk\/dokedy\/#primaryimage"},"thumbnailUrl":"https:\/\/www.dukatyproperty.sk\/wp-content\/uploads\/2020\/04\/dukaty-blog-01-dokedy.jpg","articleSection":["Koment\u00e1re"],"inLanguage":"en-US","potentialAction":[{"@type":"CommentAction","name":"Comment","target":["https:\/\/www.dukatyproperty.sk\/dokedy\/#respond"]}]},{"@type":"WebPage","@id":"https:\/\/www.dukatyproperty.sk\/dokedy\/","url":"https:\/\/www.dukatyproperty.sk\/dokedy\/","name":"Dokedy? - DUKATY","isPartOf":{"@id":"https:\/\/www.dukatyproperty.sk\/#website"},"primaryImageOfPage":{"@id":"https:\/\/www.dukatyproperty.sk\/dokedy\/#primaryimage"},"image":{"@id":"https:\/\/www.dukatyproperty.sk\/dokedy\/#primaryimage"},"thumbnailUrl":"https:\/\/www.dukatyproperty.sk\/wp-content\/uploads\/2020\/04\/dukaty-blog-01-dokedy.jpg","datePublished":"2020-04-29T10:28:28+00:00","dateModified":"2020-04-29T10:28:28+00:00","description":"S ve\u013ek\u00fdm o\u010dak\u00e1van\u00edm sledujem, ako sa ide vyv\u00edja\u0165 situ\u00e1cia na retailovom trhu v r\u00e1mci obchodn\u00fdch centier. Nieko\u013eko koment\u00e1rov...","breadcrumb":{"@id":"https:\/\/www.dukatyproperty.sk\/dokedy\/#breadcrumb"},"inLanguage":"en-US","potentialAction":[{"@type":"ReadAction","target":["https:\/\/www.dukatyproperty.sk\/dokedy\/"]}]},{"@type":"ImageObject","inLanguage":"en-US","@id":"https:\/\/www.dukatyproperty.sk\/dokedy\/#primaryimage","url":"https:\/\/www.dukatyproperty.sk\/wp-content\/uploads\/2020\/04\/dukaty-blog-01-dokedy.jpg","contentUrl":"https:\/\/www.dukatyproperty.sk\/wp-content\/uploads\/2020\/04\/dukaty-blog-01-dokedy.jpg","width":1600,"height":800,"caption":"Dokedy?"},{"@type":"BreadcrumbList","@id":"https:\/\/www.dukatyproperty.sk\/dokedy\/#breadcrumb","itemListElement":[{"@type":"ListItem","position":1,"name":"Domovsk\u00e1 str\u00e1nka","item":"https:\/\/www.dukatyproperty.sk\/"},{"@type":"ListItem","position":2,"name":"Dokedy?"}]},{"@type":"WebSite","@id":"https:\/\/www.dukatyproperty.sk\/#website","url":"https:\/\/www.dukatyproperty.sk\/","name":"DUKATY","description":"Lisovan\u00e9 plasty priamo z Nig\u00e9rie","publisher":{"@id":"https:\/\/www.dukatyproperty.sk\/#organization"},"potentialAction":[{"@type":"SearchAction","target":{"@type":"EntryPoint","urlTemplate":"https:\/\/www.dukatyproperty.sk\/?s={search_term_string}"},"query-input":"required name=search_term_string"}],"inLanguage":"en-US"},{"@type":"Organization","@id":"https:\/\/www.dukatyproperty.sk\/#organization","name":"DUKATY","url":"https:\/\/www.dukatyproperty.sk\/","logo":{"@type":"ImageObject","inLanguage":"en-US","@id":"https:\/\/www.dukatyproperty.sk\/#\/schema\/logo\/image\/","url":"https:\/\/www.dukatyproperty.sk\/wp-content\/uploads\/2019\/08\/dukaty-logo-header-color.svg","contentUrl":"https:\/\/www.dukatyproperty.sk\/wp-content\/uploads\/2019\/08\/dukaty-logo-header-color.svg","width":412,"height":100,"caption":"DUKATY"},"image":{"@id":"https:\/\/www.dukatyproperty.sk\/#\/schema\/logo\/image\/"}},{"@type":"Person","@id":"https:\/\/www.dukatyproperty.sk\/#\/schema\/person\/ffa007a9cc6bdba8908d6de960512913","name":"Lubo Jur\u00edk","image":{"@type":"ImageObject","inLanguage":"en-US","@id":"https:\/\/www.dukatyproperty.sk\/#\/schema\/person\/image\/","url":"https:\/\/secure.gravatar.com\/avatar\/33a8d1905d23a5c49a8ccc1258b9decc?s=96&d=mm&r=g","contentUrl":"https:\/\/secure.gravatar.com\/avatar\/33a8d1905d23a5c49a8ccc1258b9decc?s=96&d=mm&r=g","caption":"Lubo Jur\u00edk"},"sameAs":["http:\/\/www.evolutionstartup.com\/sk\/"],"url":"https:\/\/www.dukatyproperty.sk\/en\/author\/lubo\/"}]}},"_links":{"self":[{"href":"https:\/\/www.dukatyproperty.sk\/en\/wp-json\/wp\/v2\/posts\/6011"}],"collection":[{"href":"https:\/\/www.dukatyproperty.sk\/en\/wp-json\/wp\/v2\/posts"}],"about":[{"href":"https:\/\/www.dukatyproperty.sk\/en\/wp-json\/wp\/v2\/types\/post"}],"author":[{"embeddable":true,"href":"https:\/\/www.dukatyproperty.sk\/en\/wp-json\/wp\/v2\/users\/2"}],"replies":[{"embeddable":true,"href":"https:\/\/www.dukatyproperty.sk\/en\/wp-json\/wp\/v2\/comments?post=6011"}],"version-history":[{"count":6,"href":"https:\/\/www.dukatyproperty.sk\/en\/wp-json\/wp\/v2\/posts\/6011\/revisions"}],"predecessor-version":[{"id":6023,"href":"https:\/\/www.dukatyproperty.sk\/en\/wp-json\/wp\/v2\/posts\/6011\/revisions\/6023"}],"wp:featuredmedia":[{"embeddable":true,"href":"https:\/\/www.dukatyproperty.sk\/en\/wp-json\/wp\/v2\/media\/6020"}],"wp:attachment":[{"href":"https:\/\/www.dukatyproperty.sk\/en\/wp-json\/wp\/v2\/media?parent=6011"}],"wp:term":[{"taxonomy":"category","embeddable":true,"href":"https:\/\/www.dukatyproperty.sk\/en\/wp-json\/wp\/v2\/categories?post=6011"},{"taxonomy":"post_tag","embeddable":true,"href":"https:\/\/www.dukatyproperty.sk\/en\/wp-json\/wp\/v2\/tags?post=6011"}],"curies":[{"name":"wp","href":"https:\/\/api.w.org\/{rel}","templated":true}]}}